{"id":1866,"date":"2024-09-26T10:16:51","date_gmt":"2024-09-26T14:16:51","guid":{"rendered":"https:\/\/www.proeibandes.org\/?p=1866"},"modified":"2024-09-26T10:17:33","modified_gmt":"2024-09-26T14:17:33","slug":"el-manto-sagrado-de-los-indigenas-brasilenosel-manto-sagrado-de-los-tupinamba-uno-de-los-mayores-simbolos-espirituales-del-pueblo-indigena-homonimoel-manto-sagrado-de-los-indigenas-brasilenos","status":"publish","type":"post","link":"https:\/\/www.proeibandes.org\/?p=1866","title":{"rendered":"El manto sagrado de los tupinamb\u00e1, uno de los mayores s\u00edmbolos espirituales del pueblo ind\u00edgena"},"content":{"rendered":"\n<p>Confeccionado con plumas rojas del ave guar\u00e1 sobre una base de algod\u00f3n de casi 1,80 metros de largo, el manto volvi\u00f3 a Rio a comienzos de julio y se encuentra en la biblioteca del Museo Nacional.<br>La capa emplumada es el s\u00edmbolo m\u00e1s potente de los tupinamb\u00e1, un pueblo ind\u00edgena de 4.500 miembros que fue considerado extinto. Y a la vez protagoniza un viaje fascinante que abarca cuatro siglos. Una traves\u00eda que le llev\u00f3 a cruzar el Atl\u00e1ntico de ida en nav\u00edo, de vuelta, en avi\u00f3n, un periplo que recorre la historia de la colonizaci\u00f3n, la etnograf\u00eda y el arte para enlazar universos tan distantes como aldeas ind\u00edgenas y majestuosos museos nacionales creados por reyes a partir de curiosidades ex\u00f3ticas y alcanza incluso la \u00faltima edici\u00f3n de la Bienal de Venecia, templo de la vanguardia del arte.<\/p>\n\n\n\n<p>Fuente: Clar\u00edn<\/p>\n\n\n\n<div class=\"wp-block-stackable-image stk-block-image stk-block stk-ddcf77c\" data-block-id=\"ddcf77c\"><figure><span class=\"stk-img-wrapper stk-image--shape-stretch\"><img loading=\"lazy\" decoding=\"async\" class=\"stk-img wp-image-1867\" src=\"http:\/\/www.proeibandes.org\/wp-content\/uploads\/2024\/09\/capa.png\" width=\"1013\" height=\"531\" srcset=\"https:\/\/www.proeibandes.org\/wp-content\/uploads\/2024\/09\/capa.png 1013w, https:\/\/www.proeibandes.org\/wp-content\/uploads\/2024\/09\/capa-300x157.png 300w, https:\/\/www.proeibandes.org\/wp-content\/uploads\/2024\/09\/capa-768x403.png 768w\" sizes=\"(max-width: 1013px) 100vw, 1013px\" \/><\/span><\/figure><\/div>\n","protected":false},"excerpt":{"rendered":"<p>Confeccionado con plumas rojas del ave guar\u00e1 sobre una base de algod\u00f3n de casi 1,80 metros de largo, el manto volvi\u00f3 a Rio a comienzos de julio y se encuentra en la biblioteca del Museo Nacional.La capa emplumada es el s\u00edmbolo m\u00e1s potente de los tupinamb\u00e1, un pueblo ind\u00edgena de 4.500 miembros que fue considerado [&hellip;]<\/p>\n","protected":false},"author":2,"featured_media":1867,"comment_status":"closed","ping_status":"closed","sticky":false,"template":"","format":"standard","meta":{"footnotes":""},"categories":[41],"tags":[],"class_list":["post-1866","post","type-post","status-publish","format-standard","has-post-thumbnail","hentry","category-noticias"],"blocksy_meta":[],"_links":{"self":[{"href":"https:\/\/www.proeibandes.org\/index.php?rest_route=\/wp\/v2\/posts\/1866"}],"collection":[{"href":"https:\/\/www.proeibandes.org\/index.php?rest_route=\/wp\/v2\/posts"}],"about":[{"href":"https:\/\/www.proeibandes.org\/index.php?rest_route=\/wp\/v2\/types\/post"}],"author":[{"embeddable":true,"href":"https:\/\/www.proeibandes.org\/index.php?rest_route=\/wp\/v2\/users\/2"}],"replies":[{"embeddable":true,"href":"https:\/\/www.proeibandes.org\/index.php?rest_route=%2Fwp%2Fv2%2Fcomments&post=1866"}],"version-history":[{"count":3,"href":"https:\/\/www.proeibandes.org\/index.php?rest_route=\/wp\/v2\/posts\/1866\/revisions"}],"predecessor-version":[{"id":1870,"href":"https:\/\/www.proeibandes.org\/index.php?rest_route=\/wp\/v2\/posts\/1866\/revisions\/1870"}],"wp:featuredmedia":[{"embeddable":true,"href":"https:\/\/www.proeibandes.org\/index.php?rest_route=\/wp\/v2\/media\/1867"}],"wp:attachment":[{"href":"https:\/\/www.proeibandes.org\/index.php?rest_route=%2Fwp%2Fv2%2Fmedia&parent=1866"}],"wp:term":[{"taxonomy":"category","embeddable":true,"href":"https:\/\/www.proeibandes.org\/index.php?rest_route=%2Fwp%2Fv2%2Fcategories&post=1866"},{"taxonomy":"post_tag","embeddable":true,"href":"https:\/\/www.proeibandes.org\/index.php?rest_route=%2Fwp%2Fv2%2Ftags&post=1866"}],"curies":[{"name":"wp","href":"https:\/\/api.w.org\/{rel}","templated":true}]}}