{"id":1900,"date":"2024-10-17T11:29:00","date_gmt":"2024-10-17T15:29:00","guid":{"rendered":"https:\/\/www.proeibandes.org\/?p=1900"},"modified":"2024-10-17T11:41:22","modified_gmt":"2024-10-17T15:41:22","slug":"bolivia-lanza-un-programa-para-realzar-los-sabores-indigenas-de-america","status":"publish","type":"post","link":"https:\/\/www.proeibandes.org\/?p=1900","title":{"rendered":"Bolivia lanza un programa para revalorizar todos los sabores ind\u00edgenas de am\u00e9rica"},"content":{"rendered":"\n<p>Con el auspicio del restaurante Gustu, uno de los mejores de Latinoam\u00e9rica seg\u00fan la prestigiosa lista &#8216;Latin America\u2019s 50 Best Restaurants&#8217;, Bolivia lanz\u00f3 un programa para reivindicar las cocinas ind\u00edgenas de Am\u00e9rica, con el objetivo de \u00abpreservar y revalorizar\u00bb los sabores y saberes nativos de cada pa\u00eds participante.<br>El proyecto busca investigar, preservar y celebrar la riqueza de la gastronom\u00eda ind\u00edgena.<br>A trav\u00e9s de una reuni\u00f3n virtual, cocineros reconocidos de Bolivia y de algunos pa\u00edses como Per\u00fa, Panam\u00e1 y Estados Unidos (EE.UU.) compartieron sus experiencias de trabajar con comunidades ind\u00edgenas.<br>El proyecto ya dio el primer paso de lanzamiento, ahora toca a los cocineros investigar y acercarse a peque\u00f1os productores y comunidades ind\u00edgenas para que de manera conjunta se lleven a cabo experiencias culinarias \u00abque respeten y honren el patrimonio natural y cultural\u00bb de Bolivia y otros pa\u00edses.<br><br>Fuente: Correo del Sur.<\/p>\n\n\n\n<div class=\"wp-block-stackable-image stk-block-image stk-block stk-8c895e2\" data-block-id=\"8c895e2\"><figure><span class=\"stk-img-wrapper stk-image--shape-stretch\"><img loading=\"lazy\" decoding=\"async\" class=\"stk-img wp-image-1901\" src=\"http:\/\/www.proeibandes.org\/wp-content\/uploads\/2024\/10\/sabores-indigenas.jpg\" width=\"980\" height=\"514\" srcset=\"https:\/\/www.proeibandes.org\/wp-content\/uploads\/2024\/10\/sabores-indigenas.jpg 980w, https:\/\/www.proeibandes.org\/wp-content\/uploads\/2024\/10\/sabores-indigenas-300x157.jpg 300w, https:\/\/www.proeibandes.org\/wp-content\/uploads\/2024\/10\/sabores-indigenas-768x403.jpg 768w\" sizes=\"(max-width: 980px) 100vw, 980px\" \/><\/span><\/figure><\/div>\n","protected":false},"excerpt":{"rendered":"<p>Con el auspicio del restaurante Gustu, uno de los mejores de Latinoam\u00e9rica seg\u00fan la prestigiosa lista &#8216;Latin America\u2019s 50 Best Restaurants&#8217;, Bolivia lanz\u00f3 un programa para reivindicar las cocinas ind\u00edgenas de Am\u00e9rica, con el objetivo de \u00abpreservar y revalorizar\u00bb los sabores y saberes nativos de cada pa\u00eds participante.El proyecto busca investigar, preservar y celebrar la [&hellip;]<\/p>\n","protected":false},"author":2,"featured_media":1901,"comment_status":"closed","ping_status":"closed","sticky":false,"template":"","format":"standard","meta":{"footnotes":""},"categories":[41],"tags":[],"class_list":["post-1900","post","type-post","status-publish","format-standard","has-post-thumbnail","hentry","category-noticias"],"blocksy_meta":[],"_links":{"self":[{"href":"https:\/\/www.proeibandes.org\/index.php?rest_route=\/wp\/v2\/posts\/1900"}],"collection":[{"href":"https:\/\/www.proeibandes.org\/index.php?rest_route=\/wp\/v2\/posts"}],"about":[{"href":"https:\/\/www.proeibandes.org\/index.php?rest_route=\/wp\/v2\/types\/post"}],"author":[{"embeddable":true,"href":"https:\/\/www.proeibandes.org\/index.php?rest_route=\/wp\/v2\/users\/2"}],"replies":[{"embeddable":true,"href":"https:\/\/www.proeibandes.org\/index.php?rest_route=%2Fwp%2Fv2%2Fcomments&post=1900"}],"version-history":[{"count":3,"href":"https:\/\/www.proeibandes.org\/index.php?rest_route=\/wp\/v2\/posts\/1900\/revisions"}],"predecessor-version":[{"id":1904,"href":"https:\/\/www.proeibandes.org\/index.php?rest_route=\/wp\/v2\/posts\/1900\/revisions\/1904"}],"wp:featuredmedia":[{"embeddable":true,"href":"https:\/\/www.proeibandes.org\/index.php?rest_route=\/wp\/v2\/media\/1901"}],"wp:attachment":[{"href":"https:\/\/www.proeibandes.org\/index.php?rest_route=%2Fwp%2Fv2%2Fmedia&parent=1900"}],"wp:term":[{"taxonomy":"category","embeddable":true,"href":"https:\/\/www.proeibandes.org\/index.php?rest_route=%2Fwp%2Fv2%2Fcategories&post=1900"},{"taxonomy":"post_tag","embeddable":true,"href":"https:\/\/www.proeibandes.org\/index.php?rest_route=%2Fwp%2Fv2%2Ftags&post=1900"}],"curies":[{"name":"wp","href":"https:\/\/api.w.org\/{rel}","templated":true}]}}