{"id":1950,"date":"2024-12-09T11:55:26","date_gmt":"2024-12-09T15:55:26","guid":{"rendered":"https:\/\/www.proeibandes.org\/?p=1950"},"modified":"2024-12-09T11:55:45","modified_gmt":"2024-12-09T15:55:45","slug":"monitores-indigenas-fortalecen-la-defensa-de-sus-territorios-en-bolivia","status":"publish","type":"post","link":"https:\/\/www.proeibandes.org\/?p=1950","title":{"rendered":"J\u00f3venes monitores ind\u00edgenas fortalecen la defensa de sus territorios en Bolivia"},"content":{"rendered":"\n<p>M\u00e1s de cien hombres y mujeres ind\u00edgenas recibieron certificados del curso de Monitoreo Territorial Ind\u00edgena, impulsado por el&nbsp;Centro de Estudios e Investigaci\u00f3n Social (CEJIS). Este programa, clave para el autogobierno, promueve el control y la protecci\u00f3n de territorios ind\u00edgenas frente&nbsp;a proyectos extractivistas, los incendios forestales, las ocupaciones ilegales y la convivencia con terceros.<\/p>\n\n\n\n<p>El monitoreo territorial se implementa en 10 territorios ind\u00edgenas del Chaco, la Chiquitan\u00eda y la Amazon\u00eda y funciona como una herramienta esencial para asegurar el respeto y cumplimiento de los derechos individuales y colectivos de los Pueblos Ind\u00edgenas.<\/p>\n\n\n\n<p>Este a\u00f1o, por primera vez, la Universidad Ind\u00edgena Guaran\u00ed y de Tierras Bajas Apiaguaiqui T\u00fcpa entreg\u00f3 un certificado.&nbsp;En todos los casos, los monitores y monitoras fueron designados por sus comunidades y organizaciones para participar del proceso de formaci\u00f3n.<\/p>\n\n\n\n<p>El programa est\u00e1 organizado en cuatro m\u00f3dulos de 128 horas acad\u00e9micas. En cada m\u00f3dulo, los monitores debieron realizar actividades de campo, din\u00e1micas, actividades pr\u00e1cticas y definiciones te\u00f3ricas.<br><br>Los t\u00f3picos que se abordaron en los cuatro m\u00f3dulos son: memoria hist\u00f3rica del movimiento ind\u00edgena, primeros auxilios, normas relevantes para la defensa de los Pueblos Ind\u00edgenas, gesti\u00f3n y gobernanza territorial y gesti\u00f3n de conflictos territoriales. De manera transversal, durante todo el programa se desarroll\u00f3 el monitoreo territorial.<\/p>\n\n\n\n<p>Fuente: IWGIA<\/p>\n\n\n\n<div class=\"wp-block-stackable-image stk-block-image stk-block stk-3a0b57c\" data-block-id=\"3a0b57c\"><figure><span class=\"stk-img-wrapper stk-image--shape-stretch\"><img loading=\"lazy\" decoding=\"async\" class=\"stk-img wp-image-1951\" src=\"http:\/\/www.proeibandes.org\/wp-content\/uploads\/2024\/12\/MONITORES-INDIGENAS.jpg\" width=\"2048\" height=\"1363\" srcset=\"https:\/\/www.proeibandes.org\/wp-content\/uploads\/2024\/12\/MONITORES-INDIGENAS.jpg 2048w, https:\/\/www.proeibandes.org\/wp-content\/uploads\/2024\/12\/MONITORES-INDIGENAS-300x200.jpg 300w, https:\/\/www.proeibandes.org\/wp-content\/uploads\/2024\/12\/MONITORES-INDIGENAS-1024x682.jpg 1024w, https:\/\/www.proeibandes.org\/wp-content\/uploads\/2024\/12\/MONITORES-INDIGENAS-768x511.jpg 768w, https:\/\/www.proeibandes.org\/wp-content\/uploads\/2024\/12\/MONITORES-INDIGENAS-1536x1022.jpg 1536w\" sizes=\"(max-width: 2048px) 100vw, 2048px\" \/><\/span><\/figure><\/div>\n","protected":false},"excerpt":{"rendered":"<p>M\u00e1s de cien hombres y mujeres ind\u00edgenas recibieron certificados del curso de Monitoreo Territorial Ind\u00edgena, impulsado por el&nbsp;Centro de Estudios e Investigaci\u00f3n Social (CEJIS). Este programa, clave para el autogobierno, promueve el control y la protecci\u00f3n de territorios ind\u00edgenas frente&nbsp;a proyectos extractivistas, los incendios forestales, las ocupaciones ilegales y la convivencia con terceros. El monitoreo [&hellip;]<\/p>\n","protected":false},"author":2,"featured_media":1951,"comment_status":"closed","ping_status":"closed","sticky":false,"template":"","format":"standard","meta":{"footnotes":""},"categories":[41],"tags":[],"class_list":["post-1950","post","type-post","status-publish","format-standard","has-post-thumbnail","hentry","category-noticias"],"blocksy_meta":[],"_links":{"self":[{"href":"https:\/\/www.proeibandes.org\/index.php?rest_route=\/wp\/v2\/posts\/1950"}],"collection":[{"href":"https:\/\/www.proeibandes.org\/index.php?rest_route=\/wp\/v2\/posts"}],"about":[{"href":"https:\/\/www.proeibandes.org\/index.php?rest_route=\/wp\/v2\/types\/post"}],"author":[{"embeddable":true,"href":"https:\/\/www.proeibandes.org\/index.php?rest_route=\/wp\/v2\/users\/2"}],"replies":[{"embeddable":true,"href":"https:\/\/www.proeibandes.org\/index.php?rest_route=%2Fwp%2Fv2%2Fcomments&post=1950"}],"version-history":[{"count":2,"href":"https:\/\/www.proeibandes.org\/index.php?rest_route=\/wp\/v2\/posts\/1950\/revisions"}],"predecessor-version":[{"id":1953,"href":"https:\/\/www.proeibandes.org\/index.php?rest_route=\/wp\/v2\/posts\/1950\/revisions\/1953"}],"wp:featuredmedia":[{"embeddable":true,"href":"https:\/\/www.proeibandes.org\/index.php?rest_route=\/wp\/v2\/media\/1951"}],"wp:attachment":[{"href":"https:\/\/www.proeibandes.org\/index.php?rest_route=%2Fwp%2Fv2%2Fmedia&parent=1950"}],"wp:term":[{"taxonomy":"category","embeddable":true,"href":"https:\/\/www.proeibandes.org\/index.php?rest_route=%2Fwp%2Fv2%2Fcategories&post=1950"},{"taxonomy":"post_tag","embeddable":true,"href":"https:\/\/www.proeibandes.org\/index.php?rest_route=%2Fwp%2Fv2%2Ftags&post=1950"}],"curies":[{"name":"wp","href":"https:\/\/api.w.org\/{rel}","templated":true}]}}