{"id":1958,"date":"2024-12-16T10:08:39","date_gmt":"2024-12-16T14:08:39","guid":{"rendered":"https:\/\/www.proeibandes.org\/?p=1958"},"modified":"2024-12-16T10:09:06","modified_gmt":"2024-12-16T14:09:06","slug":"misa-de-salud-la-critica-amable-de-la-iglesia-catolica-a-la-universidad","status":"publish","type":"post","link":"https:\/\/www.proeibandes.org\/?p=1958","title":{"rendered":"Ensayo \u201cMisa de salud\u201d: la cr\u00edtica amable de la iglesia cat\u00f3lica a la universidad"},"content":{"rendered":"\n<p>Ensayo sobre la perspectiva de la iglesia cat\u00f3lica en una ceremonia religiosa sobre las virtudes y defectos de la Universidad Mayor de San Sim\u00f3n cuando la Facultad de Humanidades y Ciencias de la Educaci\u00f3n cumpl\u00eda 40 a\u00f1os.<\/p>\n\n\n\n<p>La presentaci\u00f3n completa del ensayo se encuentra en la siguiente direcci\u00f3n:<\/p>\n\n\n\n<p><a href=\"https:\/\/revistas.umss.edu.bo\/index.php\/dialogica_intercultural\/article\/view\/1153\/1200\">https:\/\/revistas.umss.edu.bo\/index.php\/dialogica_intercultural\/article\/view\/1153\/1200<\/a><\/p>\n\n\n\n<p>Tambi\u00e9n te invitamos a leer el tercer n\u00famero completo que se encuentra en el siguiente enlace:<\/p>\n\n\n\n<p><a href=\"https:\/\/revistas.umss.edu.bo\/index.php\/dialogica_intercultural?fbclid=IwY2xjawHND3BleHRuA2FlbQIxMAABHaEATiJQKiqga1GtiOLs2RJoPyskf6hi_YOrQR4MYrz-HZttyD_cYSKFXw_aem_OwJ4UpXA4hW0KQFYGaa0Qg\">https:\/\/revistas.umss.edu.bo\/index.php\/dialogica_intercultural?fbclid=IwY2xjawHND3BleHRuA2FlbQIxMAABHaEATiJQKiqga1GtiOLs2RJoPyskf6hi_YOrQR4MYrz-HZttyD_cYSKFXw_aem_OwJ4UpXA4hW0KQFYGaa0Qg<\/a><\/p>\n\n\n\n<p>Gracias por seguirnos y apoyarnos siempre.<\/p>\n\n\n\n<div class=\"wp-block-stackable-image stk-block-image stk-block stk-6649c14\" data-block-id=\"6649c14\"><figure><span class=\"stk-img-wrapper stk-image--shape-stretch\"><img loading=\"lazy\" decoding=\"async\" class=\"stk-img wp-image-1959\" src=\"http:\/\/www.proeibandes.org\/wp-content\/uploads\/2024\/12\/Portada-Ensayo-Fernando-Galindo.png\" width=\"2400\" height=\"3300\" srcset=\"https:\/\/www.proeibandes.org\/wp-content\/uploads\/2024\/12\/Portada-Ensayo-Fernando-Galindo.png 2400w, https:\/\/www.proeibandes.org\/wp-content\/uploads\/2024\/12\/Portada-Ensayo-Fernando-Galindo-218x300.png 218w, https:\/\/www.proeibandes.org\/wp-content\/uploads\/2024\/12\/Portada-Ensayo-Fernando-Galindo-745x1024.png 745w, https:\/\/www.proeibandes.org\/wp-content\/uploads\/2024\/12\/Portada-Ensayo-Fernando-Galindo-768x1056.png 768w, https:\/\/www.proeibandes.org\/wp-content\/uploads\/2024\/12\/Portada-Ensayo-Fernando-Galindo-1117x1536.png 1117w, https:\/\/www.proeibandes.org\/wp-content\/uploads\/2024\/12\/Portada-Ensayo-Fernando-Galindo-1489x2048.png 1489w\" sizes=\"(max-width: 2400px) 100vw, 2400px\" \/><\/span><\/figure><\/div>\n","protected":false},"excerpt":{"rendered":"<p>Ensayo sobre la perspectiva de la iglesia cat\u00f3lica en una ceremonia religiosa sobre las virtudes y defectos de la Universidad Mayor de San Sim\u00f3n cuando la Facultad de Humanidades y Ciencias de la Educaci\u00f3n cumpl\u00eda 40 a\u00f1os. La presentaci\u00f3n completa del ensayo se encuentra en la siguiente direcci\u00f3n: https:\/\/revistas.umss.edu.bo\/index.php\/dialogica_intercultural\/article\/view\/1153\/1200 Tambi\u00e9n te invitamos a leer el [&hellip;]<\/p>\n","protected":false},"author":2,"featured_media":1959,"comment_status":"closed","ping_status":"closed","sticky":false,"template":"","format":"standard","meta":{"footnotes":""},"categories":[39],"tags":[],"class_list":["post-1958","post","type-post","status-publish","format-standard","has-post-thumbnail","hentry","category-revistas"],"blocksy_meta":[],"_links":{"self":[{"href":"https:\/\/www.proeibandes.org\/index.php?rest_route=\/wp\/v2\/posts\/1958"}],"collection":[{"href":"https:\/\/www.proeibandes.org\/index.php?rest_route=\/wp\/v2\/posts"}],"about":[{"href":"https:\/\/www.proeibandes.org\/index.php?rest_route=\/wp\/v2\/types\/post"}],"author":[{"embeddable":true,"href":"https:\/\/www.proeibandes.org\/index.php?rest_route=\/wp\/v2\/users\/2"}],"replies":[{"embeddable":true,"href":"https:\/\/www.proeibandes.org\/index.php?rest_route=%2Fwp%2Fv2%2Fcomments&post=1958"}],"version-history":[{"count":2,"href":"https:\/\/www.proeibandes.org\/index.php?rest_route=\/wp\/v2\/posts\/1958\/revisions"}],"predecessor-version":[{"id":1961,"href":"https:\/\/www.proeibandes.org\/index.php?rest_route=\/wp\/v2\/posts\/1958\/revisions\/1961"}],"wp:featuredmedia":[{"embeddable":true,"href":"https:\/\/www.proeibandes.org\/index.php?rest_route=\/wp\/v2\/media\/1959"}],"wp:attachment":[{"href":"https:\/\/www.proeibandes.org\/index.php?rest_route=%2Fwp%2Fv2%2Fmedia&parent=1958"}],"wp:term":[{"taxonomy":"category","embeddable":true,"href":"https:\/\/www.proeibandes.org\/index.php?rest_route=%2Fwp%2Fv2%2Fcategories&post=1958"},{"taxonomy":"post_tag","embeddable":true,"href":"https:\/\/www.proeibandes.org\/index.php?rest_route=%2Fwp%2Fv2%2Ftags&post=1958"}],"curies":[{"name":"wp","href":"https:\/\/api.w.org\/{rel}","templated":true}]}}