{"id":2014,"date":"2025-02-21T14:21:55","date_gmt":"2025-02-21T18:21:55","guid":{"rendered":"https:\/\/www.proeibandes.org\/?p=2014"},"modified":"2025-02-21T14:21:55","modified_gmt":"2025-02-21T18:21:55","slug":"cualquier-lugar-es-apropiado-cuando-se-quiere-aprender-y-compartir-conocimientos","status":"publish","type":"post","link":"https:\/\/www.proeibandes.org\/?p=2014","title":{"rendered":"Cualquier lugar es apropiado, cuando se quiere aprender y compartir conocimientos"},"content":{"rendered":"\n<p>Aprovechando los hermosos jardines de la Facultad de Humanidades de la Universidad Mayor de San Sim\u00f3n, el docente Adalino Delgado, investigador del CI PROEIB Andes aprovech\u00f3 para impartir, a primera hora del d\u00eda, su clase de m\u00e9todos de titulaci\u00f3n a sus 12 estudiantes.<\/p>\n\n\n\n<p>Al aire libre y en un ambiente de debate, sugiri\u00f3 en la clase introductoria una serie de consejos para abordar las investigaciones que les permitir\u00e1n a los estudiantes salir profesionales con el grado de licenciatura en Ciencias de la Educaci\u00f3n. Uno de estos, dedicarle dos horas diarias a sus tesis para administrar el rigor de la investigaci\u00f3n.<\/p>\n\n\n\n<p>Este es el esp\u00edritu que queremos transmitir a la hora de ense\u00f1ar. Desde el Centro Interdisciplinario PROEIB Andes estamos comprometidos con la Bioeducaci\u00f3n y las Culturas de nuestro pa\u00eds y con plantear todo tipo de alternativas para impulsar una educaci\u00f3n diferente en todos los sentidos.<\/p>\n\n\n\n<figure class=\"wp-block-image size-large\"><img loading=\"lazy\" decoding=\"async\" width=\"1024\" height=\"768\" src=\"https:\/\/www.proeibandes.org\/wp-content\/uploads\/2025\/02\/foto-adalino-delgado-1024x768.jpg\" alt=\"\" class=\"wp-image-2015\" srcset=\"https:\/\/www.proeibandes.org\/wp-content\/uploads\/2025\/02\/foto-adalino-delgado-1024x768.jpg 1024w, https:\/\/www.proeibandes.org\/wp-content\/uploads\/2025\/02\/foto-adalino-delgado-300x225.jpg 300w, https:\/\/www.proeibandes.org\/wp-content\/uploads\/2025\/02\/foto-adalino-delgado-768x576.jpg 768w, https:\/\/www.proeibandes.org\/wp-content\/uploads\/2025\/02\/foto-adalino-delgado-1536x1152.jpg 1536w, https:\/\/www.proeibandes.org\/wp-content\/uploads\/2025\/02\/foto-adalino-delgado.jpg 2048w\" sizes=\"(max-width: 1024px) 100vw, 1024px\" \/><\/figure>\n","protected":false},"excerpt":{"rendered":"<p>Aprovechando los hermosos jardines de la Facultad de Humanidades de la Universidad Mayor de San Sim\u00f3n, el docente Adalino Delgado, investigador del CI PROEIB Andes aprovech\u00f3 para impartir, a primera hora del d\u00eda, su clase de m\u00e9todos de titulaci\u00f3n a sus 12 estudiantes. Al aire libre y en un ambiente de debate, sugiri\u00f3 en la [&hellip;]<\/p>\n","protected":false},"author":2,"featured_media":2015,"comment_status":"closed","ping_status":"closed","sticky":false,"template":"","format":"standard","meta":{"footnotes":""},"categories":[41],"tags":[],"class_list":["post-2014","post","type-post","status-publish","format-standard","has-post-thumbnail","hentry","category-noticias"],"blocksy_meta":[],"_links":{"self":[{"href":"https:\/\/www.proeibandes.org\/index.php?rest_route=\/wp\/v2\/posts\/2014"}],"collection":[{"href":"https:\/\/www.proeibandes.org\/index.php?rest_route=\/wp\/v2\/posts"}],"about":[{"href":"https:\/\/www.proeibandes.org\/index.php?rest_route=\/wp\/v2\/types\/post"}],"author":[{"embeddable":true,"href":"https:\/\/www.proeibandes.org\/index.php?rest_route=\/wp\/v2\/users\/2"}],"replies":[{"embeddable":true,"href":"https:\/\/www.proeibandes.org\/index.php?rest_route=%2Fwp%2Fv2%2Fcomments&post=2014"}],"version-history":[{"count":1,"href":"https:\/\/www.proeibandes.org\/index.php?rest_route=\/wp\/v2\/posts\/2014\/revisions"}],"predecessor-version":[{"id":2016,"href":"https:\/\/www.proeibandes.org\/index.php?rest_route=\/wp\/v2\/posts\/2014\/revisions\/2016"}],"wp:featuredmedia":[{"embeddable":true,"href":"https:\/\/www.proeibandes.org\/index.php?rest_route=\/wp\/v2\/media\/2015"}],"wp:attachment":[{"href":"https:\/\/www.proeibandes.org\/index.php?rest_route=%2Fwp%2Fv2%2Fmedia&parent=2014"}],"wp:term":[{"taxonomy":"category","embeddable":true,"href":"https:\/\/www.proeibandes.org\/index.php?rest_route=%2Fwp%2Fv2%2Fcategories&post=2014"},{"taxonomy":"post_tag","embeddable":true,"href":"https:\/\/www.proeibandes.org\/index.php?rest_route=%2Fwp%2Fv2%2Ftags&post=2014"}],"curies":[{"name":"wp","href":"https:\/\/api.w.org\/{rel}","templated":true}]}}