{"id":2017,"date":"2025-02-21T14:29:46","date_gmt":"2025-02-21T18:29:46","guid":{"rendered":"https:\/\/www.proeibandes.org\/?p=2017"},"modified":"2025-02-21T14:30:37","modified_gmt":"2025-02-21T18:30:37","slug":"los-espacios-socioambientales-y-socioecologicos-estudio-realizado-en-la-comunidad-de-sirpita-y-el-valle-bajo-de-cochabamba","status":"publish","type":"post","link":"https:\/\/www.proeibandes.org\/?p=2017","title":{"rendered":"Los espacios socioambientales y socioecol\u00f3gicos: estudio en  Sirpita y el valle bajo de Cochabamba"},"content":{"rendered":"\n<p>La investigaci\u00f3n de Adalino Delgado recoge las percepciones sobre la relaci\u00f3n de los seres humanos con su medio ambiente y las transgresiones que se generaron en los \u00faltimos a\u00f1os. Testimonios de diferentes actores ampl\u00edan el panorama. Les invitamos a ver los detalles que motivaron este trabajo el a\u00f1o 2024.<\/p>\n\n\n\n<figure class=\"wp-block-embed is-type-video is-provider-youtube wp-block-embed-youtube wp-embed-aspect-16-9 wp-has-aspect-ratio\"><div class=\"wp-block-embed__wrapper\">\n<iframe loading=\"lazy\" title=\"INVESTIGACIONES 2024 CI PROEIB ANDES - ADALINO DELGADO\" width=\"1400\" height=\"788\" src=\"https:\/\/www.youtube.com\/embed\/oMjHLImc8JE?feature=oembed\" frameborder=\"0\" allow=\"accelerometer; autoplay; clipboard-write; encrypted-media; gyroscope; picture-in-picture; web-share\" referrerpolicy=\"strict-origin-when-cross-origin\" allowfullscreen><\/iframe>\n<\/div><\/figure>\n","protected":false},"excerpt":{"rendered":"<p>La investigaci\u00f3n de Adalino Delgado recoge las percepciones sobre la relaci\u00f3n de los seres humanos con su medio ambiente y las transgresiones que se generaron en los \u00faltimos a\u00f1os. Testimonios de diferentes actores ampl\u00edan el panorama. Les invitamos a ver los detalles que motivaron este trabajo el a\u00f1o 2024.<\/p>\n","protected":false},"author":2,"featured_media":2018,"comment_status":"closed","ping_status":"closed","sticky":false,"template":"","format":"standard","meta":{"footnotes":""},"categories":[41],"tags":[],"class_list":["post-2017","post","type-post","status-publish","format-standard","has-post-thumbnail","hentry","category-noticias"],"blocksy_meta":[],"_links":{"self":[{"href":"https:\/\/www.proeibandes.org\/index.php?rest_route=\/wp\/v2\/posts\/2017"}],"collection":[{"href":"https:\/\/www.proeibandes.org\/index.php?rest_route=\/wp\/v2\/posts"}],"about":[{"href":"https:\/\/www.proeibandes.org\/index.php?rest_route=\/wp\/v2\/types\/post"}],"author":[{"embeddable":true,"href":"https:\/\/www.proeibandes.org\/index.php?rest_route=\/wp\/v2\/users\/2"}],"replies":[{"embeddable":true,"href":"https:\/\/www.proeibandes.org\/index.php?rest_route=%2Fwp%2Fv2%2Fcomments&post=2017"}],"version-history":[{"count":3,"href":"https:\/\/www.proeibandes.org\/index.php?rest_route=\/wp\/v2\/posts\/2017\/revisions"}],"predecessor-version":[{"id":2021,"href":"https:\/\/www.proeibandes.org\/index.php?rest_route=\/wp\/v2\/posts\/2017\/revisions\/2021"}],"wp:featuredmedia":[{"embeddable":true,"href":"https:\/\/www.proeibandes.org\/index.php?rest_route=\/wp\/v2\/media\/2018"}],"wp:attachment":[{"href":"https:\/\/www.proeibandes.org\/index.php?rest_route=%2Fwp%2Fv2%2Fmedia&parent=2017"}],"wp:term":[{"taxonomy":"category","embeddable":true,"href":"https:\/\/www.proeibandes.org\/index.php?rest_route=%2Fwp%2Fv2%2Fcategories&post=2017"},{"taxonomy":"post_tag","embeddable":true,"href":"https:\/\/www.proeibandes.org\/index.php?rest_route=%2Fwp%2Fv2%2Ftags&post=2017"}],"curies":[{"name":"wp","href":"https:\/\/api.w.org\/{rel}","templated":true}]}}