{"id":2022,"date":"2025-02-28T09:47:43","date_gmt":"2025-02-28T13:47:43","guid":{"rendered":"https:\/\/www.proeibandes.org\/?p=2022"},"modified":"2025-02-28T09:47:43","modified_gmt":"2025-02-28T13:47:43","slug":"clasificadores-numerales-del-totonaco-de-santana-chumatlan-desplazamiento-y-preservacion","status":"publish","type":"post","link":"https:\/\/www.proeibandes.org\/?p=2022","title":{"rendered":"Clasificadores numerales del totonaco de Sant\u00e1na, Chumatl\u00e1n: desplazamiento y preservaci\u00f3n"},"content":{"rendered":"\n<p>El trabajo refiere al estudio de los clasificadores numerales del totonaco de Sant\u00e1na, Chumatl\u00e1n, Veracruz, M\u00e9xico. En este art\u00edculo se describen los datos recabados y analizados a fin de conocer el nivel de habla totonaca de las nuevas generaciones y del uso de los clasificadores numerales en la lengua en menci\u00f3n. Para tal efecto los datos recabados se consideran como la materia prima de este estudio porque permite identificar las propias formas de contabilizar el entorno, as\u00ed como su significado profundo al emplearlas. Los resultados de este trabajo muestran que el sistema de clasificadores numerales del totonaco tiene una alta elaboraci\u00f3n sem\u00e1ntica para describir a un conjunto de entidades que comparten sus propiedades sem\u00e1nticas espec\u00edficas y generales. Sin embargo, por cuestiones del desplazamiento ling\u00fc\u00edstico de la lengua y la tendencia hacia el monoling\u00fcismo en espa\u00f1ol, encontramos que hay una tendencia al desplazamiento de los clasificadores espec\u00edficos por el clasificador gen\u00e9rico aq-, en este sentido, podemos se\u00f1alar que los mismos hablantes no ven la necesidad de usar el sistema espec\u00edfico cuando el totonaco permite el uso de un cuantificador gen\u00e9rico.<\/p>\n\n\n\n<p>La presentaci\u00f3n completa del art\u00edculo se encuentra en la siguiente direcci\u00f3n:<\/p>\n\n\n\n<p><a href=\"https:\/\/revistas.umss.edu.bo\/index.php\/dialogica_intercultural\/article\/view\/1334?fbclid=IwY2xjawIunGtleHRuA2FlbQIxMAABHUv0sr4L5GPeeiLDUZoeMgFIAV_ykJrwrbCMDgFGVKKMyb9WsVUzaT-n2A_aem_BgNdm8WD-ZKzVJ53lue3qQ\">https:\/\/revistas.umss.edu.bo\/index.php\/dialogica_intercultural\/article\/view\/1334?fbclid=IwY2xjawIunGtleHRuA2FlbQIxMAABHUv0sr4L5GPeeiLDUZoeMgFIAV_ykJrwrbCMDgFGVKKMyb9WsVUzaT-n2A_aem_BgNdm8WD-ZKzVJ53lue3qQ<\/a><\/p>\n\n\n\n<p>Tambi\u00e9n te invitamos a leer el tercer n\u00famero completo que se encuentra en el siguiente enlace:<\/p>\n\n\n\n<p><a href=\"https:\/\/revistas.umss.edu.bo\/index.php\/dialogica_intercultural\/issue\/view\/123?fbclid=IwY2xjawIunLBleHRuA2FlbQIxMAABHX3cYG25zZoyURrdyA0Hr0o-2Q7rl0bnsOa-OE1ulX4k9Nc1IA_Uy-j-Ng_aem_oC_O7rsgNwIRpSZtw5vFfA\">https:\/\/revistas.umss.edu.bo\/index.php\/dialogica_intercultural\/issue\/view\/123?fbclid=IwY2xjawIunLBleHRuA2FlbQIxMAABHX3cYG25zZoyURrdyA0Hr0o-2Q7rl0bnsOa-OE1ulX4k9Nc1IA_Uy-j-Ng_aem_oC_O7rsgNwIRpSZtw5vFfA<\/a><\/p>\n\n\n\n<p>Gracias por seguirnos y apoyarnos siempre.<\/p>\n\n\n\n<figure class=\"wp-block-image size-large\"><img loading=\"lazy\" decoding=\"async\" width=\"745\" height=\"1024\" src=\"https:\/\/www.proeibandes.org\/wp-content\/uploads\/2025\/02\/PORTADA-FAUSTINO-Y-JOSE-745x1024.png\" alt=\"\" class=\"wp-image-2023\" srcset=\"https:\/\/www.proeibandes.org\/wp-content\/uploads\/2025\/02\/PORTADA-FAUSTINO-Y-JOSE-745x1024.png 745w, https:\/\/www.proeibandes.org\/wp-content\/uploads\/2025\/02\/PORTADA-FAUSTINO-Y-JOSE-218x300.png 218w, https:\/\/www.proeibandes.org\/wp-content\/uploads\/2025\/02\/PORTADA-FAUSTINO-Y-JOSE-768x1056.png 768w, https:\/\/www.proeibandes.org\/wp-content\/uploads\/2025\/02\/PORTADA-FAUSTINO-Y-JOSE-1117x1536.png 1117w, https:\/\/www.proeibandes.org\/wp-content\/uploads\/2025\/02\/PORTADA-FAUSTINO-Y-JOSE-1489x2048.png 1489w\" sizes=\"(max-width: 745px) 100vw, 745px\" \/><\/figure>\n","protected":false},"excerpt":{"rendered":"<p>El trabajo refiere al estudio de los clasificadores numerales del totonaco de Sant\u00e1na, Chumatl\u00e1n, Veracruz, M\u00e9xico. En este art\u00edculo se describen los datos recabados y analizados a fin de conocer el nivel de habla totonaca de las nuevas generaciones y del uso de los clasificadores numerales en la lengua en menci\u00f3n. Para tal efecto los [&hellip;]<\/p>\n","protected":false},"author":2,"featured_media":2023,"comment_status":"closed","ping_status":"closed","sticky":false,"template":"","format":"standard","meta":{"footnotes":""},"categories":[39],"tags":[],"class_list":["post-2022","post","type-post","status-publish","format-standard","has-post-thumbnail","hentry","category-revistas"],"blocksy_meta":[],"_links":{"self":[{"href":"https:\/\/www.proeibandes.org\/index.php?rest_route=\/wp\/v2\/posts\/2022"}],"collection":[{"href":"https:\/\/www.proeibandes.org\/index.php?rest_route=\/wp\/v2\/posts"}],"about":[{"href":"https:\/\/www.proeibandes.org\/index.php?rest_route=\/wp\/v2\/types\/post"}],"author":[{"embeddable":true,"href":"https:\/\/www.proeibandes.org\/index.php?rest_route=\/wp\/v2\/users\/2"}],"replies":[{"embeddable":true,"href":"https:\/\/www.proeibandes.org\/index.php?rest_route=%2Fwp%2Fv2%2Fcomments&post=2022"}],"version-history":[{"count":1,"href":"https:\/\/www.proeibandes.org\/index.php?rest_route=\/wp\/v2\/posts\/2022\/revisions"}],"predecessor-version":[{"id":2024,"href":"https:\/\/www.proeibandes.org\/index.php?rest_route=\/wp\/v2\/posts\/2022\/revisions\/2024"}],"wp:featuredmedia":[{"embeddable":true,"href":"https:\/\/www.proeibandes.org\/index.php?rest_route=\/wp\/v2\/media\/2023"}],"wp:attachment":[{"href":"https:\/\/www.proeibandes.org\/index.php?rest_route=%2Fwp%2Fv2%2Fmedia&parent=2022"}],"wp:term":[{"taxonomy":"category","embeddable":true,"href":"https:\/\/www.proeibandes.org\/index.php?rest_route=%2Fwp%2Fv2%2Fcategories&post=2022"},{"taxonomy":"post_tag","embeddable":true,"href":"https:\/\/www.proeibandes.org\/index.php?rest_route=%2Fwp%2Fv2%2Ftags&post=2022"}],"curies":[{"name":"wp","href":"https:\/\/api.w.org\/{rel}","templated":true}]}}