{"id":2146,"date":"2025-05-12T15:58:04","date_gmt":"2025-05-12T19:58:04","guid":{"rendered":"https:\/\/www.proeibandes.org\/?p=2146"},"modified":"2025-05-12T15:58:04","modified_gmt":"2025-05-12T19:58:04","slug":"resena-del-libro-agua-para-todos-comunidad-propiedad-y-revolucion-en-la-bolivia-moderna","status":"publish","type":"post","link":"https:\/\/www.proeibandes.org\/?p=2146","title":{"rendered":"Rese\u00f1a del libro Agua para Todos, Comunidad, propiedad y revoluci\u00f3n en la Bolivia moderna"},"content":{"rendered":"\n<p>La rese\u00f1a inicia con una reflexi\u00f3n sobre la primera impresi\u00f3n del comentarista sobre los prop\u00f3sitos de la autora de realizar una investigaci\u00f3n sobre un tema sobre estudiado, la guerra del agua, y su posterior sorpresa que el foco de estudio era el Proyecto M\u00faltiple Misicuni (PMM). ), un aspecto menos explorado y crucial en la gesti\u00f3n h\u00eddrica. El comentario destaca tambi\u00e9n el abordaje hist\u00f3rico, considerando las luchas sociales por la democratizaci\u00f3n del agua en Cochabamba y el aporte de la autora de entender la complejidad de estos conflictos y la revisi\u00f3n de conceptos como la gobernanza, a menudo abordados de manera superficial.<\/p>\n\n\n\n<p>La presentaci\u00f3n completa del art\u00edculo se encuentra en la siguiente direcci\u00f3n:<\/p>\n\n\n\n<p><a href=\"https:\/\/revistas.umss.edu.bo\/index.php\/dialogica_intercultural\/article\/view\/1341?fbclid=IwY2xjawKPMGdleHRuA2FlbQIxMABicmlkETFrMGxwc0gyMm1qOE1xeWlrAR7iM6D5jOZ44HekuTyQkaz16OnpIPb7__9XY3pFAdf_23OLdCCQCwSRHfATsw_aem_2zv5M5HSMhanJMWluMaozA\">https:\/\/revistas.umss.edu.bo\/index.php\/dialogica_intercultural\/article\/view\/1341?fbclid=IwY2xjawKPMGdleHRuA2FlbQIxMABicmlkETFrMGxwc0gyMm1qOE1xeWlrAR7iM6D5jOZ44HekuTyQkaz16OnpIPb7__9XY3pFAdf_23OLdCCQCwSRHfATsw_aem_2zv5M5HSMhanJMWluMaozA<\/a><\/p>\n\n\n\n<p>Tambi\u00e9n te invitamos a leer el cuarto n\u00famero completo que se encuentra en el siguiente enlace:<\/p>\n\n\n\n<p><a href=\"https:\/\/revistas.umss.edu.bo\/index.php\/dialogica_intercultural\/issue\/view\/123\">https:\/\/revistas.umss.edu.bo\/index.php\/dialogica_intercultural\/issue\/view\/123<\/a><\/p>\n\n\n\n<p>Gracias por seguirnos y apoyarnos siempre.<\/p>\n\n\n\n<figure class=\"wp-block-image size-large\"><img loading=\"lazy\" decoding=\"async\" width=\"745\" height=\"1024\" src=\"https:\/\/www.proeibandes.org\/wp-content\/uploads\/2025\/05\/PORTADA-RESENA-ROCIO-RENEE-745x1024.png\" alt=\"\" class=\"wp-image-2164\" srcset=\"https:\/\/www.proeibandes.org\/wp-content\/uploads\/2025\/05\/PORTADA-RESENA-ROCIO-RENEE-745x1024.png 745w, https:\/\/www.proeibandes.org\/wp-content\/uploads\/2025\/05\/PORTADA-RESENA-ROCIO-RENEE-218x300.png 218w, https:\/\/www.proeibandes.org\/wp-content\/uploads\/2025\/05\/PORTADA-RESENA-ROCIO-RENEE-768x1056.png 768w, https:\/\/www.proeibandes.org\/wp-content\/uploads\/2025\/05\/PORTADA-RESENA-ROCIO-RENEE-1117x1536.png 1117w, https:\/\/www.proeibandes.org\/wp-content\/uploads\/2025\/05\/PORTADA-RESENA-ROCIO-RENEE-1489x2048.png 1489w\" sizes=\"(max-width: 745px) 100vw, 745px\" \/><\/figure>\n","protected":false},"excerpt":{"rendered":"<p>La rese\u00f1a inicia con una reflexi\u00f3n sobre la primera impresi\u00f3n del comentarista sobre los prop\u00f3sitos de la autora de realizar una investigaci\u00f3n sobre un tema sobre estudiado, la guerra del agua, y su posterior sorpresa que el foco de estudio era el Proyecto M\u00faltiple Misicuni (PMM). ), un aspecto menos explorado y crucial en la [&hellip;]<\/p>\n","protected":false},"author":2,"featured_media":2164,"comment_status":"closed","ping_status":"closed","sticky":false,"template":"","format":"standard","meta":{"footnotes":""},"categories":[39],"tags":[],"class_list":["post-2146","post","type-post","status-publish","format-standard","has-post-thumbnail","hentry","category-revistas"],"blocksy_meta":[],"_links":{"self":[{"href":"https:\/\/www.proeibandes.org\/index.php?rest_route=\/wp\/v2\/posts\/2146"}],"collection":[{"href":"https:\/\/www.proeibandes.org\/index.php?rest_route=\/wp\/v2\/posts"}],"about":[{"href":"https:\/\/www.proeibandes.org\/index.php?rest_route=\/wp\/v2\/types\/post"}],"author":[{"embeddable":true,"href":"https:\/\/www.proeibandes.org\/index.php?rest_route=\/wp\/v2\/users\/2"}],"replies":[{"embeddable":true,"href":"https:\/\/www.proeibandes.org\/index.php?rest_route=%2Fwp%2Fv2%2Fcomments&post=2146"}],"version-history":[{"count":1,"href":"https:\/\/www.proeibandes.org\/index.php?rest_route=\/wp\/v2\/posts\/2146\/revisions"}],"predecessor-version":[{"id":2171,"href":"https:\/\/www.proeibandes.org\/index.php?rest_route=\/wp\/v2\/posts\/2146\/revisions\/2171"}],"wp:featuredmedia":[{"embeddable":true,"href":"https:\/\/www.proeibandes.org\/index.php?rest_route=\/wp\/v2\/media\/2164"}],"wp:attachment":[{"href":"https:\/\/www.proeibandes.org\/index.php?rest_route=%2Fwp%2Fv2%2Fmedia&parent=2146"}],"wp:term":[{"taxonomy":"category","embeddable":true,"href":"https:\/\/www.proeibandes.org\/index.php?rest_route=%2Fwp%2Fv2%2Fcategories&post=2146"},{"taxonomy":"post_tag","embeddable":true,"href":"https:\/\/www.proeibandes.org\/index.php?rest_route=%2Fwp%2Fv2%2Ftags&post=2146"}],"curies":[{"name":"wp","href":"https:\/\/api.w.org\/{rel}","templated":true}]}}