{"id":312,"date":"2018-11-14T05:59:52","date_gmt":"2018-11-14T09:59:52","guid":{"rendered":"http:\/\/www.proeibandes.org\/?p=312"},"modified":"2018-11-15T11:37:01","modified_gmt":"2018-11-15T15:37:01","slug":"aproximaciones-al-pensamiento-critico-reflexiones-epistemologicas-sobre-la-realidad-social","status":"publish","type":"post","link":"https:\/\/www.proeibandes.org\/?p=312","title":{"rendered":"Seminario Internacional: Aproximaciones al pensamiento cr\u00edtico: \u201cReflexiones epistemol\u00f3gicas sobre la realidad social\u201d"},"content":{"rendered":"<p>\u00abEl seminario pretende aproximarnos a una reflexi\u00f3n multidisciplinar e intercultural que responda a algunos cuestionamientos sobre la pluralidad epistemol\u00f3gica.<\/p>\n<p>Este evento se efectuar\u00e1 con el \u00e1nimo de seguir construyendo una red de intercambios acad\u00e9micos y establecer equipos interdisciplinarios de investigaci\u00f3n\u00bb<\/p>\n<p><img loading=\"lazy\" decoding=\"async\" class=\"alignnone size-large wp-image-328\" src=\"http:\/\/www.proeibandes.org\/wp-content\/uploads\/2018\/11\/1-1024x777.jpg\" alt=\"\" width=\"800\" height=\"607\" srcset=\"https:\/\/www.proeibandes.org\/wp-content\/uploads\/2018\/11\/1-1024x777.jpg 1024w, https:\/\/www.proeibandes.org\/wp-content\/uploads\/2018\/11\/1-300x228.jpg 300w, https:\/\/www.proeibandes.org\/wp-content\/uploads\/2018\/11\/1-768x583.jpg 768w, https:\/\/www.proeibandes.org\/wp-content\/uploads\/2018\/11\/1.jpg 1280w\" sizes=\"(max-width: 800px) 100vw, 800px\" \/><\/p>\n<h2>Programa<\/h2>\n<p><img loading=\"lazy\" decoding=\"async\" class=\"alignnone size-large wp-image-329\" src=\"http:\/\/www.proeibandes.org\/wp-content\/uploads\/2018\/11\/2-1024x777.jpg\" alt=\"\" width=\"800\" height=\"607\" srcset=\"https:\/\/www.proeibandes.org\/wp-content\/uploads\/2018\/11\/2-1024x777.jpg 1024w, https:\/\/www.proeibandes.org\/wp-content\/uploads\/2018\/11\/2-300x228.jpg 300w, https:\/\/www.proeibandes.org\/wp-content\/uploads\/2018\/11\/2-768x583.jpg 768w, https:\/\/www.proeibandes.org\/wp-content\/uploads\/2018\/11\/2.jpg 1280w\" sizes=\"(max-width: 800px) 100vw, 800px\" \/><\/p>\n<p>&nbsp;<\/p>\n","protected":false},"excerpt":{"rendered":"<p>\u00abEl seminario pretende aproximarnos a una reflexi\u00f3n multidisciplinar e intercultural que responda a algunos cuestionamientos sobre la pluralidad epistemol\u00f3gica. Este evento se efectuar\u00e1 con el \u00e1nimo de seguir construyendo una red de intercambios acad\u00e9micos y establecer equipos interdisciplinarios de investigaci\u00f3n\u00bb Programa &nbsp;<\/p>\n","protected":false},"author":1,"featured_media":0,"comment_status":"closed","ping_status":"closed","sticky":false,"template":"","format":"standard","meta":{"footnotes":""},"categories":[5],"tags":[],"class_list":["post-312","post","type-post","status-publish","format-standard","hentry","category-eventos"],"blocksy_meta":[],"_links":{"self":[{"href":"https:\/\/www.proeibandes.org\/index.php?rest_route=\/wp\/v2\/posts\/312"}],"collection":[{"href":"https:\/\/www.proeibandes.org\/index.php?rest_route=\/wp\/v2\/posts"}],"about":[{"href":"https:\/\/www.proeibandes.org\/index.php?rest_route=\/wp\/v2\/types\/post"}],"author":[{"embeddable":true,"href":"https:\/\/www.proeibandes.org\/index.php?rest_route=\/wp\/v2\/users\/1"}],"replies":[{"embeddable":true,"href":"https:\/\/www.proeibandes.org\/index.php?rest_route=%2Fwp%2Fv2%2Fcomments&post=312"}],"version-history":[{"count":3,"href":"https:\/\/www.proeibandes.org\/index.php?rest_route=\/wp\/v2\/posts\/312\/revisions"}],"predecessor-version":[{"id":330,"href":"https:\/\/www.proeibandes.org\/index.php?rest_route=\/wp\/v2\/posts\/312\/revisions\/330"}],"wp:attachment":[{"href":"https:\/\/www.proeibandes.org\/index.php?rest_route=%2Fwp%2Fv2%2Fmedia&parent=312"}],"wp:term":[{"taxonomy":"category","embeddable":true,"href":"https:\/\/www.proeibandes.org\/index.php?rest_route=%2Fwp%2Fv2%2Fcategories&post=312"},{"taxonomy":"post_tag","embeddable":true,"href":"https:\/\/www.proeibandes.org\/index.php?rest_route=%2Fwp%2Fv2%2Ftags&post=312"}],"curies":[{"name":"wp","href":"https:\/\/api.w.org\/{rel}","templated":true}]}}