{"id":544,"date":"2019-06-12T18:03:26","date_gmt":"2019-06-12T22:03:26","guid":{"rendered":"http:\/\/www.proeibandes.org\/?p=544"},"modified":"2019-06-12T17:16:15","modified_gmt":"2019-06-12T21:16:15","slug":"reconocimiento-a-pedro-plaza-martinez","status":"publish","type":"post","link":"https:\/\/www.proeibandes.org\/?p=544","title":{"rendered":"Reconocimiento a Pedro Plaza Mart\u00ednez"},"content":{"rendered":"\n<div class=\"wp-block-image\"><figure class=\"alignleft is-resized\"><img loading=\"lazy\" decoding=\"async\" src=\"http:\/\/www.proeibandes.org\/wp-content\/uploads\/2019\/06\/plaza.jpg\" alt=\"\" class=\"wp-image-545\" width=\"250\" height=\"188\" srcset=\"https:\/\/www.proeibandes.org\/wp-content\/uploads\/2019\/06\/plaza.jpg 1000w, https:\/\/www.proeibandes.org\/wp-content\/uploads\/2019\/06\/plaza-300x225.jpg 300w, https:\/\/www.proeibandes.org\/wp-content\/uploads\/2019\/06\/plaza-768x576.jpg 768w\" sizes=\"(max-width: 250px) 100vw, 250px\" \/><\/figure><\/div>\n\n\n\n<p align=\"justify\"> EL Centro Interdisciplinario PROEIB Andes se complace en informar que el d\u00eda martes 11 de junio 2019 el Dr. Pedro Plaza, Coordinador de nuestro centro ha recibido por parte de la Campa\u00f1a Boliviana por el Derecho a la Educaci\u00f3n (CBDE) un reconocimiento por su aporte a la educaci\u00f3n boliviana y la difusi\u00f3n de las lenguas nativas. <\/p>\n<p align=\"justify\"> Desde la d\u00e9cada de 1970, el Dr. Plaza fue promotor activo del proceso de normalizaci\u00f3n de la escritura de la lengua quechua, uno de cuyos resultados es el Diccionario de la Naci\u00f3n Quechua (2018). Asimismo, desde hace casi dos d\u00e9cadas es docente-investigador en el PROEIB-Andes, Universidad Mayor de San Sim\u00f3n, donde imparte clases y desarrolla investigaci\u00f3n vinculadas a las lenguas ind\u00edgenas. Desde el 2013, el Dr. Plaza impulsa el proyecto de revitalizaci\u00f3n ling\u00fc\u00edstica denominado \u201cQuechua en Acci\u00f3n\u201d. (<a href=\"http:\/\/www.proeibandes.org\/?page_id=89\">link a pagina web<\/a>) <\/p>\n","protected":false},"excerpt":{"rendered":"<p>EL Centro Interdisciplinario PROEIB Andes se complace en informar que el d\u00eda martes 11 de junio 2019 el Dr. Pedro Plaza, Coordinador de nuestro centro ha recibido por parte de la Campa\u00f1a Boliviana por el Derecho a la Educaci\u00f3n (CBDE) un reconocimiento por su aporte a la educaci\u00f3n boliviana y la difusi\u00f3n de las lenguas [&hellip;]<\/p>\n","protected":false},"author":1,"featured_media":0,"comment_status":"closed","ping_status":"closed","sticky":false,"template":"","format":"standard","meta":{"footnotes":""},"categories":[5],"tags":[],"class_list":["post-544","post","type-post","status-publish","format-standard","hentry","category-eventos"],"blocksy_meta":[],"_links":{"self":[{"href":"https:\/\/www.proeibandes.org\/index.php?rest_route=\/wp\/v2\/posts\/544"}],"collection":[{"href":"https:\/\/www.proeibandes.org\/index.php?rest_route=\/wp\/v2\/posts"}],"about":[{"href":"https:\/\/www.proeibandes.org\/index.php?rest_route=\/wp\/v2\/types\/post"}],"author":[{"embeddable":true,"href":"https:\/\/www.proeibandes.org\/index.php?rest_route=\/wp\/v2\/users\/1"}],"replies":[{"embeddable":true,"href":"https:\/\/www.proeibandes.org\/index.php?rest_route=%2Fwp%2Fv2%2Fcomments&post=544"}],"version-history":[{"count":3,"href":"https:\/\/www.proeibandes.org\/index.php?rest_route=\/wp\/v2\/posts\/544\/revisions"}],"predecessor-version":[{"id":549,"href":"https:\/\/www.proeibandes.org\/index.php?rest_route=\/wp\/v2\/posts\/544\/revisions\/549"}],"wp:attachment":[{"href":"https:\/\/www.proeibandes.org\/index.php?rest_route=%2Fwp%2Fv2%2Fmedia&parent=544"}],"wp:term":[{"taxonomy":"category","embeddable":true,"href":"https:\/\/www.proeibandes.org\/index.php?rest_route=%2Fwp%2Fv2%2Fcategories&post=544"},{"taxonomy":"post_tag","embeddable":true,"href":"https:\/\/www.proeibandes.org\/index.php?rest_route=%2Fwp%2Fv2%2Ftags&post=544"}],"curies":[{"name":"wp","href":"https:\/\/api.w.org\/{rel}","templated":true}]}}