{"id":580,"date":"2019-09-26T06:56:07","date_gmt":"2019-09-26T10:56:07","guid":{"rendered":"http:\/\/www.proeibandes.org\/?p=580"},"modified":"2019-09-26T06:56:08","modified_gmt":"2019-09-26T10:56:08","slug":"acto-protocolar-de-investidura-con-el-grado-academico-de-doctor","status":"publish","type":"post","link":"https:\/\/www.proeibandes.org\/?p=580","title":{"rendered":"Acto protocolar de investidura con el grado acad\u00e9mico de Doctor"},"content":{"rendered":"\n<figure class=\"wp-block-video\"><video controls src=\"http:\/\/www.proeibandes.org\/wp-content\/uploads\/2019\/09\/WhatsApp-Video-2019-09-24-at-16.08.59.mp4\"><\/video><\/figure>\n\n\n\n<p align=\"justify\"> Acto protocolar de investidura con el grado acad\u00e9mico de Doctor,  al profesional Jos\u00e9 Antonio Arrueta Rodr\u00edguez, docente investigador del Centro Interdisciplinario PROEIB Andes de la Facultad de Humanidades y Ciencias de la Educaci\u00f3n, Universidad Mayor de San Sim\u00f3n; t\u00edtulo acad\u00e9mico otorgado por la Universidad ORT de Montevideo, Uruguay, el 18 de septiembre de 2019, mediante lectura del Acta correspondiente a cargo de la Dra. Denise  Vaillant, Directora del Instituto de Educaci\u00f3n de esa universidad. <\/p>\n","protected":false},"excerpt":{"rendered":"<p>Acto protocolar de investidura con el grado acad\u00e9mico de Doctor, al profesional Jos\u00e9 Antonio Arrueta Rodr\u00edguez, docente investigador del Centro Interdisciplinario PROEIB Andes de la Facultad de Humanidades y Ciencias de la Educaci\u00f3n, Universidad Mayor de San Sim\u00f3n; t\u00edtulo acad\u00e9mico otorgado por la Universidad ORT de Montevideo, Uruguay, el 18 de septiembre de 2019, mediante [&hellip;]<\/p>\n","protected":false},"author":1,"featured_media":0,"comment_status":"closed","ping_status":"closed","sticky":false,"template":"","format":"standard","meta":{"footnotes":""},"categories":[4,5],"tags":[],"class_list":["post-580","post","type-post","status-publish","format-standard","hentry","category-defensa-de-tesis","category-eventos"],"blocksy_meta":[],"_links":{"self":[{"href":"https:\/\/www.proeibandes.org\/index.php?rest_route=\/wp\/v2\/posts\/580"}],"collection":[{"href":"https:\/\/www.proeibandes.org\/index.php?rest_route=\/wp\/v2\/posts"}],"about":[{"href":"https:\/\/www.proeibandes.org\/index.php?rest_route=\/wp\/v2\/types\/post"}],"author":[{"embeddable":true,"href":"https:\/\/www.proeibandes.org\/index.php?rest_route=\/wp\/v2\/users\/1"}],"replies":[{"embeddable":true,"href":"https:\/\/www.proeibandes.org\/index.php?rest_route=%2Fwp%2Fv2%2Fcomments&post=580"}],"version-history":[{"count":1,"href":"https:\/\/www.proeibandes.org\/index.php?rest_route=\/wp\/v2\/posts\/580\/revisions"}],"predecessor-version":[{"id":582,"href":"https:\/\/www.proeibandes.org\/index.php?rest_route=\/wp\/v2\/posts\/580\/revisions\/582"}],"wp:attachment":[{"href":"https:\/\/www.proeibandes.org\/index.php?rest_route=%2Fwp%2Fv2%2Fmedia&parent=580"}],"wp:term":[{"taxonomy":"category","embeddable":true,"href":"https:\/\/www.proeibandes.org\/index.php?rest_route=%2Fwp%2Fv2%2Fcategories&post=580"},{"taxonomy":"post_tag","embeddable":true,"href":"https:\/\/www.proeibandes.org\/index.php?rest_route=%2Fwp%2Fv2%2Ftags&post=580"}],"curies":[{"name":"wp","href":"https:\/\/api.w.org\/{rel}","templated":true}]}}